{"id":3364,"date":"2018-11-15T08:44:07","date_gmt":"2018-11-15T08:44:07","guid":{"rendered":"https:\/\/newyorkinasoriginals.com\/?p=3364"},"modified":"2018-11-16T12:07:28","modified_gmt":"2018-11-16T12:07:28","slug":"barcelona-en-las-alturas-newyorkinas-originals","status":"publish","type":"post","link":"https:\/\/newyorkinasoriginals.com\/es\/barcelona-en-las-alturas-newyorkinas-originals\/","title":{"rendered":"Barcelona en las alturas &#038; NewYorkinas-Originals"},"content":{"rendered":"<h1 class=\"story-leaf-title\">El \u2018market\u2019 de m\u00e1s altura regresa a la gaudiniana Torre Bellesguard en Barcelona y\u00a0<span style=\"color: #3366ff;\">NewYorkinas-Originals\u00a0<span style=\"color: #000000;\">ha estado alli!!\u00a0<\/span><\/span><\/h1>\n<p><a href=\"https:\/\/www.pressreader.com\/spain\/la-vanguardia\/20181110\/282222306777696\">https:\/\/www.pressreader.com\/spain\/la-vanguardia\/20181110\/282222306777696\u00a0<\/a><\/p>\n<p>Gracias a @lavanguardia por cubrir el evento !!<\/p>\n<p><strong>El \u2018market\u2019 de m\u00e1s altura regresa a la gaudiniana Torre Bellesguard<\/strong><\/p>\n<header>\n<ul class=\"art-byline\">\n<li class=\"art-source\" data-bind=\"text: issueTitle\">La Vanguardia<\/li>\n<li class=\"art-date\"><time data-bind=\"text: shortDateString\">10 Nov 2018<\/time><\/li>\n<li class=\"art-author\" data-bind=\"text: byline\">BARCELONA<\/li>\n<\/ul>\n<\/header>\n<figure class=\"art-pic\"><img class=\"articleImage\" src=\"https:\/\/i.prcdn.co\/img?regionKey=tpQiIT2nWOiPlNck1J2pUA%3d%3d\" data-bind=\"attr: { src: imageUrl }\" \/><em data-bind=\"text: imageByline\">XAVIER CERVERA<\/em><figcaption><strong data-bind=\"text: imageTitle\">El mercado de la Torre Bellesguard es de entrada gratuita<\/strong><\/figcaption><\/figure>\n<div data-bind=\"foreach: articleBlocks\">\n<p data-bind=\"text: $data\">Desde ayer y durante todo el fin de semana, la<strong> torre Bellesguard<\/strong>, una de las obras menos conocidas de<strong> Antoni Gaud\u00ed en Barcelona<\/strong>, vuelve a abrir sus puertas para celebrar una nueva edici\u00f3n del mercado <strong>BCN<\/strong> en las Alturas. Una instalaci\u00f3n de entrada gratuita que brinda a los visitantes la oportunidad de disfrutar de un entorno m\u00e1gico en compa\u00f1\u00eda de la familia y los amigos y conocer las tendencias de moda que marcar\u00e1n esta temporada de oto\u00f1o-invierno.<\/p>\n<p data-bind=\"text: $data\">Los jardines de la <strong>torre Bellesguard<\/strong>, joya arquitect\u00f3nica que puede conocerse en detalle en las visitas guiadas que se han organizado, son el escenario durante estos d\u00edas de conciertos en directo, la mejor gastronom\u00eda y las mejores copas. Todo ello en un ambiente en el que algunos de los mejores dise\u00f1adores de moda, decoraci\u00f3n y complementos presentan su oferta de la manera m\u00e1s atractiva. En definitiva tres d\u00edas de <strong>market<\/strong> del m\u00e1s alto nivel que tanto hoy como ma\u00f1ana domingo permanecer\u00e1 abierto de las once de la ma\u00f1ana hasta las 22.30 horas.<\/p>\n<\/div>\n<p><img loading=\"lazy\" class=\"alignleft size-medium wp-image-3365\" src=\"https:\/\/newyorkinasoriginals.com\/wp-content\/uploads\/2018\/11\/20181108_203635_resized-min-1-225x300.jpg\" alt=\"\" width=\"225\" height=\"300\" srcset=\"https:\/\/newyorkinasoriginals.com\/wp-content\/uploads\/2018\/11\/20181108_203635_resized-min-1-225x300.jpg 225w, https:\/\/newyorkinasoriginals.com\/wp-content\/uploads\/2018\/11\/20181108_203635_resized-min-1-595x793.jpg 595w, https:\/\/newyorkinasoriginals.com\/wp-content\/uploads\/2018\/11\/20181108_203635_resized-min-1-768x1024.jpg 768w, https:\/\/newyorkinasoriginals.com\/wp-content\/uploads\/2018\/11\/20181108_203635_resized-min-1-680x907.jpg 680w, https:\/\/newyorkinasoriginals.com\/wp-content\/uploads\/2018\/11\/20181108_203635_resized-min-1.jpg 1512w\" sizes=\"(max-width: 225px) 100vw, 225px\" \/><img loading=\"lazy\" class=\"alignleft size-medium wp-image-3362\" src=\"https:\/\/newyorkinasoriginals.com\/wp-content\/uploads\/2018\/11\/20181111_132018_resized-min-225x300.jpg\" alt=\"\" width=\"225\" height=\"300\" srcset=\"https:\/\/newyorkinasoriginals.com\/wp-content\/uploads\/2018\/11\/20181111_132018_resized-min-225x300.jpg 225w, https:\/\/newyorkinasoriginals.com\/wp-content\/uploads\/2018\/11\/20181111_132018_resized-min-595x793.jpg 595w, https:\/\/newyorkinasoriginals.com\/wp-content\/uploads\/2018\/11\/20181111_132018_resized-min-768x1024.jpg 768w, https:\/\/newyorkinasoriginals.com\/wp-content\/uploads\/2018\/11\/20181111_132018_resized-min-680x907.jpg 680w, https:\/\/newyorkinasoriginals.com\/wp-content\/uploads\/2018\/11\/20181111_132018_resized-min.jpg 1512w\" sizes=\"(max-width: 225px) 100vw, 225px\" \/><img loading=\"lazy\" class=\"alignleft size-medium wp-image-3360\" src=\"https:\/\/newyorkinasoriginals.com\/wp-content\/uploads\/2018\/11\/20181111_114936_resized-min-225x300.jpg\" alt=\"\" width=\"225\" height=\"300\" srcset=\"https:\/\/newyorkinasoriginals.com\/wp-content\/uploads\/2018\/11\/20181111_114936_resized-min-225x300.jpg 225w, https:\/\/newyorkinasoriginals.com\/wp-content\/uploads\/2018\/11\/20181111_114936_resized-min-595x793.jpg 595w, https:\/\/newyorkinasoriginals.com\/wp-content\/uploads\/2018\/11\/20181111_114936_resized-min-768x1024.jpg 768w, https:\/\/newyorkinasoriginals.com\/wp-content\/uploads\/2018\/11\/20181111_114936_resized-min-680x907.jpg 680w, https:\/\/newyorkinasoriginals.com\/wp-content\/uploads\/2018\/11\/20181111_114936_resized-min.jpg 1512w\" sizes=\"(max-width: 225px) 100vw, 225px\" \/><img loading=\"lazy\" class=\"alignleft size-medium wp-image-3358\" src=\"https:\/\/newyorkinasoriginals.com\/wp-content\/uploads\/2018\/11\/20181108_222117_resized-min-225x300.jpg\" alt=\"\" width=\"225\" height=\"300\" srcset=\"https:\/\/newyorkinasoriginals.com\/wp-content\/uploads\/2018\/11\/20181108_222117_resized-min-225x300.jpg 225w, https:\/\/newyorkinasoriginals.com\/wp-content\/uploads\/2018\/11\/20181108_222117_resized-min-768x1024.jpg 768w, https:\/\/newyorkinasoriginals.com\/wp-content\/uploads\/2018\/11\/20181108_222117_resized-min-720x960.jpg 720w, https:\/\/newyorkinasoriginals.com\/wp-content\/uploads\/2018\/11\/20181108_222117_resized-min-680x907.jpg 680w, https:\/\/newyorkinasoriginals.com\/wp-content\/uploads\/2018\/11\/20181108_222117_resized-min-595x793.jpg 595w, https:\/\/newyorkinasoriginals.com\/wp-content\/uploads\/2018\/11\/20181108_222117_resized-min.jpg 1512w\" sizes=\"(max-width: 225px) 100vw, 225px\" \/><\/p>\n","protected":false},"excerpt":{"rendered":"<p>El \u2018market\u2019 de m\u00e1s altura regresa a la gaudiniana Torre Bellesguard en Barcelona y\u00a0NewYorkinas-Originals\u00a0ha estado alli!!\u00a0 https:\/\/www.pressreader.com\/spain\/la-vanguardia\/20181110\/282222306777696\u00a0 Gracias a @lavanguardia por cubrir el evento !! El \u2018market\u2019 de m\u00e1s altura regresa a la gaudiniana Torre Bellesguard La Vanguardia 10 Nov 2018 BARCELONA XAVIER CERVERAEl mercado de la Torre Bellesguard es de entrada gratuita Desde ayer &hellip;<\/p>\n","protected":false},"author":1,"featured_media":3358,"comment_status":"open","ping_status":"open","sticky":false,"template":"","format":"standard","meta":[],"categories":[1],"tags":[339,433,430,437,436,417,434,432,116,431,290,435],"_links":{"self":[{"href":"https:\/\/newyorkinasoriginals.com\/es\/wp-json\/wp\/v2\/posts\/3364\/"}],"collection":[{"href":"https:\/\/newyorkinasoriginals.com\/es\/wp-json\/wp\/v2\/posts\/"}],"about":[{"href":"https:\/\/newyorkinasoriginals.com\/es\/wp-json\/wp\/v2\/types\/post\/"}],"author":[{"embeddable":true,"href":"https:\/\/newyorkinasoriginals.com\/es\/wp-json\/wp\/v2\/users\/1\/"}],"replies":[{"embeddable":true,"href":"https:\/\/newyorkinasoriginals.com\/es\/wp-json\/wp\/v2\/comments\/?post=3364"}],"version-history":[{"count":1,"href":"https:\/\/newyorkinasoriginals.com\/es\/wp-json\/wp\/v2\/posts\/3364\/revisions\/"}],"predecessor-version":[{"id":3367,"href":"https:\/\/newyorkinasoriginals.com\/es\/wp-json\/wp\/v2\/posts\/3364\/revisions\/3367\/"}],"wp:featuredmedia":[{"embeddable":true,"href":"https:\/\/newyorkinasoriginals.com\/es\/wp-json\/wp\/v2\/media\/3358\/"}],"wp:attachment":[{"href":"https:\/\/newyorkinasoriginals.com\/es\/wp-json\/wp\/v2\/media\/?parent=3364"}],"wp:term":[{"taxonomy":"category","embeddable":true,"href":"https:\/\/newyorkinasoriginals.com\/es\/wp-json\/wp\/v2\/categories\/?post=3364"},{"taxonomy":"post_tag","embeddable":true,"href":"https:\/\/newyorkinasoriginals.com\/es\/wp-json\/wp\/v2\/tags\/?post=3364"}],"curies":[{"name":"wp","href":"https:\/\/api.w.org\/{rel}","templated":true}]}}